{"id":298,"date":"2026-09-04T14:00:27","date_gmt":"2026-09-04T14:00:27","guid":{"rendered":"https:\/\/planmaestro.gmtulcan.gob.ec\/wp\/?p=298"},"modified":"2026-09-04T14:00:27","modified_gmt":"2026-09-04T14:00:27","slug":"plan-maestro-de-tulcan-calles-10-de-agosto-y-colon-se-preparan-para-recibir-el-asfalto","status":"publish","type":"post","link":"https:\/\/planmaestro.gmtulcan.gob.ec\/wp\/2026\/09\/04\/plan-maestro-de-tulcan-calles-10-de-agosto-y-colon-se-preparan-para-recibir-el-asfalto\/","title":{"rendered":"PLAN MAESTRO DE TULC\u00c1N: CALLES 10 DE AGOSTO Y COL\u00d3N SE PREPARAN PARA RECIBIR EL ASFALTO"},"content":{"rendered":"\n<figure class=\"wp-block-image alignfull size-large has-custom-border\"><a href=\"https:\/\/planmaestro.gmtulcan.gob.ec\/wp\/\"><img fetchpriority=\"high\" decoding=\"async\" width=\"1024\" height=\"360\" src=\"https:\/\/planmaestro.gmtulcan.gob.ec\/wp\/wp-content\/uploads\/2026\/03\/Portada-Plan-Maestro-Agua-Potable-1024x360.jpeg\" alt=\"\" class=\"wp-image-191\" style=\"border-top-left-radius:20px;border-top-right-radius:20px;border-bottom-left-radius:20px;border-bottom-right-radius:20px\" srcset=\"https:\/\/planmaestro.gmtulcan.gob.ec\/wp\/wp-content\/uploads\/2026\/03\/Portada-Plan-Maestro-Agua-Potable-1024x360.jpeg 1024w, https:\/\/planmaestro.gmtulcan.gob.ec\/wp\/wp-content\/uploads\/2026\/03\/Portada-Plan-Maestro-Agua-Potable-300x105.jpeg 300w, https:\/\/planmaestro.gmtulcan.gob.ec\/wp\/wp-content\/uploads\/2026\/03\/Portada-Plan-Maestro-Agua-Potable-768x270.jpeg 768w, https:\/\/planmaestro.gmtulcan.gob.ec\/wp\/wp-content\/uploads\/2026\/03\/Portada-Plan-Maestro-Agua-Potable-1536x540.jpeg 1536w, https:\/\/planmaestro.gmtulcan.gob.ec\/wp\/wp-content\/uploads\/2026\/03\/Portada-Plan-Maestro-Agua-Potable-2048x720.jpeg 2048w\" sizes=\"(max-width: 1024px) 100vw, 1024px\" \/><\/a><\/figure>\n\n\n<h2 class=\"alignwide wp-block-post-title\">PLAN MAESTRO DE TULC\u00c1N: CALLES 10 DE AGOSTO Y COL\u00d3N SE PREPARAN PARA RECIBIR EL ASFALTO<\/h2>\n\n\n<p class=\"has-text-align-right wp-block-paragraph\"><strong>Bolet\u00edn No. 114<\/strong><\/p>\n\n\n\n<p class=\"has-text-align-right wp-block-paragraph\">Tulc\u00e1n, 1 de septiembre de 2026<\/p>\n\n\n\n<figure class=\"wp-block-image size-large is-resized\"><img decoding=\"async\" width=\"1024\" height=\"576\" src=\"https:\/\/planmaestro.gmtulcan.gob.ec\/wp\/wp-content\/uploads\/2026\/09\/1-1024x576.jpeg\" alt=\"\" class=\"wp-image-299\" style=\"width:766px;height:auto\" srcset=\"https:\/\/planmaestro.gmtulcan.gob.ec\/wp\/wp-content\/uploads\/2026\/09\/1-1024x576.jpeg 1024w, https:\/\/planmaestro.gmtulcan.gob.ec\/wp\/wp-content\/uploads\/2026\/09\/1-768x432.jpeg 768w, https:\/\/planmaestro.gmtulcan.gob.ec\/wp\/wp-content\/uploads\/2026\/09\/1-300x169.jpeg 300w, https:\/\/planmaestro.gmtulcan.gob.ec\/wp\/wp-content\/uploads\/2026\/09\/1.jpeg 1280w\" sizes=\"(max-width: 1024px) 100vw, 1024px\" \/><\/figure>\n\n\n\n<p class=\"alignwide wp-block-paragraph\">Contin\u00faan los trabajos de preparaci\u00f3n de la estructura vial, previos a la colocaci\u00f3n de la capa de asfalto, en las calles 10 de Agosto y Col\u00f3n, hasta la intersecci\u00f3n con la calle Pichincha. Esta intervenci\u00f3n forma parte de la zona 1 del Plan Maestro de Agua Potable, Alcantarillado y Asfaltado de Tulc\u00e1n.<\/p>\n\n\n\n<p class=\"alignwide wp-block-paragraph\">Actualmente, se realiza la colocaci\u00f3n de geomalla, un material que permite reforzar la estructura del pavimento, as\u00ed como la extensi\u00f3n de la capa de base granular sobre la cual posteriormente se colocar\u00e1 el asfalto.<\/p>\n\n\n\n<p class=\"alignwide wp-block-paragraph\">De acuerdo con la programaci\u00f3n entregada por la empresa contratista, se prev\u00e9 que este tramo reciba la capa asf\u00e1ltica la pr\u00f3xima semana, lo que permitir\u00e1 habilitar progresivamente la circulaci\u00f3n vehicular en el sector.<\/p>\n\n\n\n<p class=\"alignwide wp-block-paragraph\">Antes de llegar a esta etapa, la base granular deber\u00e1 pasar por un proceso de hidrataci\u00f3n y compactaci\u00f3n mediante cilindros compactadores. Posteriormente, se realizar\u00e1n pruebas de densidad para verificar que la compactaci\u00f3n cumpla con las condiciones t\u00e9cnicas requeridas, un procedimiento que toma aproximadamente un d\u00eda.<\/p>\n\n\n\n<p class=\"alignwide wp-block-paragraph\">Finalmente, se aplicar\u00e1 una capa de imprimaci\u00f3n con asfalto l\u00edquido, la cual deber\u00e1 secarse durante cerca de 48 horas antes de proceder con la colocaci\u00f3n definitiva de la mezcla de concreto asf\u00e1ltico.<\/p>\n\n\n\n<p class=\"alignwide wp-block-paragraph\">Bajo la superficie de estas calles ya se encuentran instaladas las nuevas redes de agua potable y alcantarillado, incluidos los colectores principales y las conexiones domiciliarias de los predios del sector.<\/p>\n\n\n\n<p class=\"alignwide wp-block-paragraph\">El responsable del grupo de fiscalizaci\u00f3n de la obra, Eduardo Sarmiento, indic\u00f3: <em>\u201cEste material es de granulometr\u00eda m\u00e1s fina y presenta mejores condiciones t\u00e9cnicas que las capas inferiores, lo que lo convierte en uno de los \u00faltimos pasos antes de la colocaci\u00f3n del asfalto\u201d.<\/em><\/p>\n\n\n\n<p class=\"alignwide wp-block-paragraph\">En el sector, los comerciantes y residentes han seguido de cerca el desarrollo de los trabajos. Giovanna Albarrac\u00edn, propietaria de la peluquer\u00eda La Francesa, ubicada en el mismo tramo intervenido, se\u00f1al\u00f3<em>: \u201cMe parece que es un crecimiento para la ciudad de Tulc\u00e1n, todo es un proceso y est\u00e1 quedando muy bonito\u201d<\/em> .<\/p>\n\n\n\n<p class=\"alignwide wp-block-paragraph\">Adem\u00e1s, invit\u00f3 a la ciudadan\u00eda a visitar el sector una vez concluidos los trabajos, para conocer el resultado de la intervenci\u00f3n y, al mismo tiempo, apoyar a los negocios ubicados en la zona, incluido el suyo, que contin\u00faa atendiendo con normalidad durante la ejecuci\u00f3n de la obra.<\/p>\n\n\n\n<div class=\"wp-block-columns alignwide is-layout-flex wp-container-core-columns-is-layout-7387b849 wp-block-columns-is-layout-flex\">\n<div class=\"wp-block-column is-layout-flow wp-block-column-is-layout-flow\">\n<figure class=\"wp-block-image size-large\"><img decoding=\"async\" width=\"1024\" height=\"576\" src=\"https:\/\/planmaestro.gmtulcan.gob.ec\/wp\/wp-content\/uploads\/2026\/09\/2-1024x576.jpeg\" alt=\"\" class=\"wp-image-300\" srcset=\"https:\/\/planmaestro.gmtulcan.gob.ec\/wp\/wp-content\/uploads\/2026\/09\/2-1024x576.jpeg 1024w, https:\/\/planmaestro.gmtulcan.gob.ec\/wp\/wp-content\/uploads\/2026\/09\/2-300x169.jpeg 300w, https:\/\/planmaestro.gmtulcan.gob.ec\/wp\/wp-content\/uploads\/2026\/09\/2-768x432.jpeg 768w, https:\/\/planmaestro.gmtulcan.gob.ec\/wp\/wp-content\/uploads\/2026\/09\/2.jpeg 1280w\" sizes=\"(max-width: 1024px) 100vw, 1024px\" \/><\/figure>\n<\/div>\n\n\n\n<div class=\"wp-block-column is-layout-flow wp-block-column-is-layout-flow\">\n<figure class=\"wp-block-image size-large\"><img loading=\"lazy\" decoding=\"async\" width=\"1024\" height=\"576\" src=\"https:\/\/planmaestro.gmtulcan.gob.ec\/wp\/wp-content\/uploads\/2026\/09\/3-1024x576.jpeg\" alt=\"\" class=\"wp-image-301\" srcset=\"https:\/\/planmaestro.gmtulcan.gob.ec\/wp\/wp-content\/uploads\/2026\/09\/3-1024x576.jpeg 1024w, https:\/\/planmaestro.gmtulcan.gob.ec\/wp\/wp-content\/uploads\/2026\/09\/3-300x169.jpeg 300w, https:\/\/planmaestro.gmtulcan.gob.ec\/wp\/wp-content\/uploads\/2026\/09\/3-768x432.jpeg 768w, https:\/\/planmaestro.gmtulcan.gob.ec\/wp\/wp-content\/uploads\/2026\/09\/3.jpeg 1280w\" sizes=\"(max-width: 1024px) 100vw, 1024px\" \/><\/figure>\n<\/div>\n\n\n\n<div class=\"wp-block-column is-layout-flow wp-block-column-is-layout-flow\">\n<figure class=\"wp-block-image size-large\"><img loading=\"lazy\" decoding=\"async\" width=\"1024\" height=\"576\" src=\"https:\/\/planmaestro.gmtulcan.gob.ec\/wp\/wp-content\/uploads\/2026\/09\/4-1024x576.jpeg\" alt=\"\" class=\"wp-image-302\" srcset=\"https:\/\/planmaestro.gmtulcan.gob.ec\/wp\/wp-content\/uploads\/2026\/09\/4-1024x576.jpeg 1024w, https:\/\/planmaestro.gmtulcan.gob.ec\/wp\/wp-content\/uploads\/2026\/09\/4-300x169.jpeg 300w, https:\/\/planmaestro.gmtulcan.gob.ec\/wp\/wp-content\/uploads\/2026\/09\/4-768x432.jpeg 768w, https:\/\/planmaestro.gmtulcan.gob.ec\/wp\/wp-content\/uploads\/2026\/09\/4.jpeg 1280w\" sizes=\"(max-width: 1024px) 100vw, 1024px\" \/><\/figure>\n<\/div>\n<\/div>\n\n\n\n<p class=\"wp-block-paragraph\"><\/p>\n","protected":false},"excerpt":{"rendered":"<p>Bolet\u00edn No. 114 Tulc\u00e1n, 1 de septiembre de 2026 Contin\u00faan los trabajos de preparaci\u00f3n de la estructura vial, previos a la colocaci\u00f3n de la capa de asfalto, en las calles 10 de Agosto y Col\u00f3n, hasta la intersecci\u00f3n con la calle Pichincha. Esta intervenci\u00f3n forma parte de la zona 1 del Plan Maestro de Agua [&hellip;]<\/p>\n","protected":false},"author":1,"featured_media":299,"comment_status":"open","ping_status":"open","sticky":false,"template":"","format":"standard","meta":{"pagelayer_contact_templates":[],"_pagelayer_content":"","footnotes":""},"categories":[6],"tags":[],"class_list":["post-298","post","type-post","status-publish","format-standard","has-post-thumbnail","hentry","category-avandedeobra"],"_links":{"self":[{"href":"https:\/\/planmaestro.gmtulcan.gob.ec\/wp\/wp-json\/wp\/v2\/posts\/298","targetHints":{"allow":["GET"]}}],"collection":[{"href":"https:\/\/planmaestro.gmtulcan.gob.ec\/wp\/wp-json\/wp\/v2\/posts"}],"about":[{"href":"https:\/\/planmaestro.gmtulcan.gob.ec\/wp\/wp-json\/wp\/v2\/types\/post"}],"author":[{"embeddable":true,"href":"https:\/\/planmaestro.gmtulcan.gob.ec\/wp\/wp-json\/wp\/v2\/users\/1"}],"replies":[{"embeddable":true,"href":"https:\/\/planmaestro.gmtulcan.gob.ec\/wp\/wp-json\/wp\/v2\/comments?post=298"}],"version-history":[{"count":1,"href":"https:\/\/planmaestro.gmtulcan.gob.ec\/wp\/wp-json\/wp\/v2\/posts\/298\/revisions"}],"predecessor-version":[{"id":303,"href":"https:\/\/planmaestro.gmtulcan.gob.ec\/wp\/wp-json\/wp\/v2\/posts\/298\/revisions\/303"}],"wp:featuredmedia":[{"embeddable":true,"href":"https:\/\/planmaestro.gmtulcan.gob.ec\/wp\/wp-json\/wp\/v2\/media\/299"}],"wp:attachment":[{"href":"https:\/\/planmaestro.gmtulcan.gob.ec\/wp\/wp-json\/wp\/v2\/media?parent=298"}],"wp:term":[{"taxonomy":"category","embeddable":true,"href":"https:\/\/planmaestro.gmtulcan.gob.ec\/wp\/wp-json\/wp\/v2\/categories?post=298"},{"taxonomy":"post_tag","embeddable":true,"href":"https:\/\/planmaestro.gmtulcan.gob.ec\/wp\/wp-json\/wp\/v2\/tags?post=298"}],"curies":[{"name":"wp","href":"https:\/\/api.w.org\/{rel}","templated":true}]}}